{"id":1951,"date":"2015-08-20T14:47:50","date_gmt":"2015-08-20T14:47:50","guid":{"rendered":"https:\/\/www.euramobil.de\/?p=1951"},"modified":"2025-08-05T15:10:28","modified_gmt":"2025-08-05T15:10:28","slug":"neues-innenraum-ambiente-in-drei-baureihen","status":"publish","type":"post","link":"https:\/\/www.euramobil.de\/de_at\/neues-innenraum-ambiente-in-drei-baureihen\/","title":{"rendered":"Neues Innenraum-Ambiente in drei Baureihen"},"content":{"rendered":"<p><em>Den scheinbaren Gegensatz von moderner, frischer Eleganz und nat\u00fcrlicher Geborgenheit l\u00f6st sich im neuen \u201eChalet\u201c- Interieur von Eura Mobil wie von selbst auf. Die hellen M\u00f6bel in markanter Wildeiche-Optik werden von k\u00fchlen weissen Oberschrankfl\u00e4chen mit elegantem Chromverzierungen kontrastiert und doch gleichzeitig harmonisch verbunden. Lassen Sie sich auf dem Caravan Salon begeistern!<\/em><\/p>\n\n\n\n<p>Vom Erfolg des Chalet-Mobils inspiriert, gestaltet Eura Mobil in der Saison 2016 bei den Baureihen Integra Line, Profila Teilintegriert und Profila RS den Innenraum neu.&nbsp; K\u00fcnftig wird das gleichzeitig Moderne und Nat\u00fcrlichkeit ausstrahlende \u201eChalet\u201c- Ambiente in&nbsp; heller Wildeiche und matt weissen Kontrastfl\u00e4chen erh\u00e4ltlich sein. Dazu ist der M\u00f6belkorpus komplett in Wildeiche-Optik gehalten, w\u00e4hrend Oberschrankklappen und Arbeitsfl\u00e4chen in Wei\u00df abgesetzt sind. Gl\u00e4nzende Chromapplikationen sowie neue funktionale Dekofl\u00e4chen im Einstiegs- und Bettbereich verst\u00e4rken den neuen Raumeindruck. Auch die Sitzgruppen entfalten mit \u00fcppigen Polsterformen, edlen Deko-Kissen, hellen Wildeiche-Tischoberfl\u00e4chen und eleganten Vorh\u00e4ngen eine neue Wohlf\u00fchl-Wohnwelt.<\/p>\n\n\n\n<p>Das neue Innenraumambiente \u201eChalet\u201c kann wahlweise ohne Aufpreis bestellt werden. Weiterhin im Programm bleibt das bekannte, in dunkler Mahagoni \/ Elfenbein-Optik gehaltene Ambiente \u201eEmpire\u201c, das mit neuen Polstern und Dekostoffen aktualisiert wird.<\/p>\n\n\n\n<p><\/p>","protected":false},"excerpt":{"rendered":"<p>Den scheinbaren Gegensatz von moderner, frischer Eleganz und nat\u00fcrlicher Geborgenheit l\u00f6st sich im neuen \u201eChalet\u201c- Interieur von Eura Mobil wie von selbst auf. Die hellen M\u00f6bel in markanter Wildeiche-Optik werden von k\u00fchlen weissen Oberschrankfl\u00e4chen mit elegantem Chromverzierungen kontrastiert und doch gleichzeitig harmonisch verbunden. Lassen Sie sich auf dem Caravan Salon begeistern! Vom Erfolg des Chalet-Mobils [&hellip;]<\/p>\n","protected":false},"author":1,"featured_media":1952,"comment_status":"closed","ping_status":"closed","sticky":false,"template":"","format":"standard","meta":{"_acf_changed":false,"_seopress_robots_primary_cat":"none","_seopress_titles_title":"","_seopress_titles_desc":"","_seopress_robots_index":"","footnotes":""},"categories":[15,52],"tags":[],"class_list":["post-1951","post","type-post","status-publish","format-standard","has-post-thumbnail","hentry","category-15","category-news"],"acf":[],"_links":{"self":[{"href":"https:\/\/www.euramobil.de\/de_at\/wp-json\/wp\/v2\/posts\/1951","targetHints":{"allow":["GET"]}}],"collection":[{"href":"https:\/\/www.euramobil.de\/de_at\/wp-json\/wp\/v2\/posts"}],"about":[{"href":"https:\/\/www.euramobil.de\/de_at\/wp-json\/wp\/v2\/types\/post"}],"author":[{"embeddable":true,"href":"https:\/\/www.euramobil.de\/de_at\/wp-json\/wp\/v2\/users\/1"}],"replies":[{"embeddable":true,"href":"https:\/\/www.euramobil.de\/de_at\/wp-json\/wp\/v2\/comments?post=1951"}],"version-history":[{"count":2,"href":"https:\/\/www.euramobil.de\/de_at\/wp-json\/wp\/v2\/posts\/1951\/revisions"}],"predecessor-version":[{"id":22429,"href":"https:\/\/www.euramobil.de\/de_at\/wp-json\/wp\/v2\/posts\/1951\/revisions\/22429"}],"wp:featuredmedia":[{"embeddable":true,"href":"https:\/\/www.euramobil.de\/de_at\/wp-json\/wp\/v2\/media\/1952"}],"wp:attachment":[{"href":"https:\/\/www.euramobil.de\/de_at\/wp-json\/wp\/v2\/media?parent=1951"}],"wp:term":[{"taxonomy":"category","embeddable":true,"href":"https:\/\/www.euramobil.de\/de_at\/wp-json\/wp\/v2\/categories?post=1951"},{"taxonomy":"post_tag","embeddable":true,"href":"https:\/\/www.euramobil.de\/de_at\/wp-json\/wp\/v2\/tags?post=1951"}],"curies":[{"name":"wp","href":"https:\/\/api.w.org\/{rel}","templated":true}]}}