{"id":8333,"date":"2020-08-19T10:13:08","date_gmt":"2020-08-19T10:13:08","guid":{"rendered":"https:\/\/www.euramobil.de\/?p=8333"},"modified":"2025-08-05T15:00:51","modified_gmt":"2025-08-05T15:00:51","slug":"integra-line-660-eb-grosser-schlafkomfort-auf-kompakter-laenge","status":"publish","type":"post","link":"https:\/\/www.euramobil.de\/de_at\/integra-line-660-eb-grosser-schlafkomfort-auf-kompakter-laenge\/","title":{"rendered":"Integra Line 660 EB: gro\u00dfer Schlafkomfort auf kompakter L\u00e4nge"},"content":{"rendered":"<p><em>Neuer Grundriss in der 7m Klasse \u25cf Zwei Einzelbetten mit je 2m L\u00e4nge \u25cf riesige Garage \u25cf L\u00e4ngsk\u00fcche mit variabler Arbeitsfl\u00e4che \u25cf gro\u00dfz\u00fcgiger Raumeindruck \u25cf 10 Jahre Dichtigkeitsgarantie<\/em><\/p>\n\n\n\n<p>Mit dem Integra Line 660 EB pr\u00e4sentiert Eura Mobil einen zweiten Einzelbettengrundriss in der beliebten 7m Klasse. Der Fokus liegt auf dem Schlafkomfort f\u00fcr gro\u00dfgewachsene Menschen. Zwei Betten mit jeweils 2m L\u00e4nge verleihen dem Schlafraum im Heck viel Bewegungsfreiheit.&nbsp; Daneben kommt die gro\u00dfz\u00fcgige Dimensionierung der Betten&nbsp; auch dem riesigen Stauraum in der Garage darunter zugute.<\/p>\n\n\n\n<p>In Kombination mit der gro\u00dfen L\u00e4ngsk\u00fcche entsteht im Wohnraum ein gro\u00dfz\u00fcgiger, langgestreckter Raumeindruck, der das Fahrzeug jenseits der 7m Grenze vermuten liesse. In der optionalen&nbsp; Ausf\u00fchrung mit Stauschr\u00e4nken statt Hubbetten wird dieser Eindruck noch verst\u00e4rkt und gewinnt insbesondere f\u00fcr Zwei Reisende mit viel Stauraumbedarf zus\u00e4tzlich an Attraktivit\u00e4t.<\/p>\n\n\n\n<p>Eine klappbare Arbeitsplattenverl\u00e4ngerung von 50cm&nbsp; gibt auch der K\u00fcche mit raumhohen 140 Liter K\u00fchlschrank eine Menge Bewegungsfreiheiten. In der Fahrzeugmitte kommt der moderne, nur 114cm lange Waschraum mit schwenkbaren Waschbecken und integrierter Duschkabine zum Einsatz.<\/p>\n\n\n\n<p>F\u00fcr beste Heimkinoatmosph\u00e4re lassen sich Flachbildschirmfernseher bis zu 32 Zoll Gr\u00f6\u00dfe &nbsp;im Fernsehrack vor der Waschraumwand installieren. Auf der Beifahrerseite komplettiert wahlweise in weiterer Kleiderschrank oder ein Einzelsitz das Ensemble in der flexibel nutzbaren L-Sitzgruppe.<\/p>\n\n\n\n<p>Alle Integra Line bestehen mit Hilfe des beheizten Doppelbodens auch die Anforderungen der Winterfestigkeits-Norm EN 1646-1. Barfu\u00dflaufen im Winter entwickelt sich auf diese Weise im Integra Line schnell zur liebgewordenen Gewohnheit.<\/p>\n\n\n\n<p>Eine zehnj\u00e4hrige Garantie f\u00fcr Aufbaudichtigkeit und die dreij\u00e4hrige Garantie f\u00fcr den M\u00f6belbau belegen den Premium-Anspruch von Eura Mobil. Grundlage daf\u00fcr sind der moderne Aufbau aus geklebtem GFK-Verbundmaterial mit holzfreien W\u00e4nden und ein robuster M\u00f6belbau mit Aluminiumprofil-Verst\u00e4rkungen.<\/p>","protected":false},"excerpt":{"rendered":"<p>Neuer Grundriss in der 7m Klasse \u25cf Zwei Einzelbetten mit je 2m L\u00e4nge \u25cf riesige Garage \u25cf L\u00e4ngsk\u00fcche mit variabler Arbeitsfl\u00e4che \u25cf gro\u00dfz\u00fcgiger Raumeindruck \u25cf 10 Jahre Dichtigkeitsgarantie Mit dem Integra Line 660 EB pr\u00e4sentiert Eura Mobil einen zweiten Einzelbettengrundriss in der beliebten 7m Klasse. Der Fokus liegt auf dem Schlafkomfort f\u00fcr gro\u00dfgewachsene Menschen. Zwei [&hellip;]<\/p>\n","protected":false},"author":1,"featured_media":8334,"comment_status":"closed","ping_status":"closed","sticky":false,"template":"","format":"standard","meta":{"_acf_changed":false,"_seopress_robots_primary_cat":"none","_seopress_titles_title":"","_seopress_titles_desc":"","_seopress_robots_index":"","footnotes":""},"categories":[16,47,52],"tags":[],"class_list":["post-8333","post","type-post","status-publish","format-standard","has-post-thumbnail","hentry","category-16","category-fr","category-news"],"acf":[],"_links":{"self":[{"href":"https:\/\/www.euramobil.de\/de_at\/wp-json\/wp\/v2\/posts\/8333","targetHints":{"allow":["GET"]}}],"collection":[{"href":"https:\/\/www.euramobil.de\/de_at\/wp-json\/wp\/v2\/posts"}],"about":[{"href":"https:\/\/www.euramobil.de\/de_at\/wp-json\/wp\/v2\/types\/post"}],"author":[{"embeddable":true,"href":"https:\/\/www.euramobil.de\/de_at\/wp-json\/wp\/v2\/users\/1"}],"replies":[{"embeddable":true,"href":"https:\/\/www.euramobil.de\/de_at\/wp-json\/wp\/v2\/comments?post=8333"}],"version-history":[{"count":2,"href":"https:\/\/www.euramobil.de\/de_at\/wp-json\/wp\/v2\/posts\/8333\/revisions"}],"predecessor-version":[{"id":22391,"href":"https:\/\/www.euramobil.de\/de_at\/wp-json\/wp\/v2\/posts\/8333\/revisions\/22391"}],"wp:featuredmedia":[{"embeddable":true,"href":"https:\/\/www.euramobil.de\/de_at\/wp-json\/wp\/v2\/media\/8334"}],"wp:attachment":[{"href":"https:\/\/www.euramobil.de\/de_at\/wp-json\/wp\/v2\/media?parent=8333"}],"wp:term":[{"taxonomy":"category","embeddable":true,"href":"https:\/\/www.euramobil.de\/de_at\/wp-json\/wp\/v2\/categories?post=8333"},{"taxonomy":"post_tag","embeddable":true,"href":"https:\/\/www.euramobil.de\/de_at\/wp-json\/wp\/v2\/tags?post=8333"}],"curies":[{"name":"wp","href":"https:\/\/api.w.org\/{rel}","templated":true}]}}