{"id":8333,"date":"2020-08-19T10:13:08","date_gmt":"2020-08-19T10:13:08","guid":{"rendered":"https:\/\/www.euramobil.de\/?p=8333"},"modified":"2025-08-05T15:00:51","modified_gmt":"2025-08-05T15:00:51","slug":"integra-line-660-eb-great-sleeping-comfort-in-a-compact-length","status":"publish","type":"post","link":"https:\/\/www.euramobil.de\/en\/integra-line-660-eb-grosser-schlafkomfort-auf-kompakter-laenge\/","title":{"rendered":"Integra Line 660 EB: great sleeping comfort in a compact length"},"content":{"rendered":"<p><em>New floor plan in the 7 m class \u25cf Two single beds 2 m in length each \u25cf Huge garage \u25cf Longitudinal kitchen with variable work surface \u25cf Generous feeling of space \u25cf 10-year no-leak guarantee<\/em><\/p>\n\n\n\n<p>With the Integra Line 660 EB, Eura Mobil presents a second single-bed layout in the popular 7 m class. The focus is on sleeping comfort for tall people. Two beds, each 2 m long, give the sleeping area in the rear plenty of space to move around.  The generous dimensions of the beds also benefit the huge storage space in the garage below.<\/p>\n\n\n\n<p>In combination with the large longitudinally arranged kitchen, a generous, elongated feeling of space is created in the living area, which gives the impression of the vehicle being longer than its actual 7 m. In the optional version with storage cabinets instead of lift-up beds, this impression of spaciousness is further reinforced, making it even more attractive especially for two travellers with a lot of storage space requirements.<\/p>\n\n\n\n<p>A foldable worktop extension of 50 cm also provides the kitchen (which is equipped with a room-high, 140-litre refrigerator) with plenty of space to move around. In the centre of the vehicle is the modern, only 114 cm-long washroom with swivel wash basin and integrated shower cubicle.<\/p>\n\n\n\n<p>For a full home cinema experience, flat-screen TVs up to 32 inches in size can be installed in the TV rack in front of the washroom wall. On the passenger side, the ensemble in the flexibly usable L-shaped seating group is completed by an additional wardrobe or a single seat.<\/p>\n\n\n\n<p>All Integra Line series also meet the requirements of the winter resistance standard EN 1646-1 with the aid of the heated double floor. Walking barefoot in winter quickly becomes a habit in the Integra Line.<\/p>\n\n\n\n<p>Eura Mobil\u2019s premium claim is backed up by a ten-year guarantee for leak-proof construction and a three-year guarantee for furniture construction. A modern construction, made of glued GRP composite material with wood-free walls, and a robust furniture construction with aluminium profile reinforcements is the basis for this.<\/p>","protected":false},"excerpt":{"rendered":"<p>Neuer Grundriss in der 7m Klasse \u25cf Zwei Einzelbetten mit je 2m L\u00e4nge \u25cf riesige Garage \u25cf L\u00e4ngsk\u00fcche mit variabler Arbeitsfl\u00e4che \u25cf gro\u00dfz\u00fcgiger Raumeindruck \u25cf 10 Jahre Dichtigkeitsgarantie Mit dem Integra Line 660 EB pr\u00e4sentiert Eura Mobil einen zweiten Einzelbettengrundriss in der beliebten 7m Klasse. Der Fokus liegt auf dem Schlafkomfort f\u00fcr gro\u00dfgewachsene Menschen. Zwei [&hellip;]<\/p>\n","protected":false},"author":1,"featured_media":8334,"comment_status":"closed","ping_status":"closed","sticky":false,"template":"","format":"standard","meta":{"_acf_changed":false,"_seopress_robots_primary_cat":"none","_seopress_titles_title":"","_seopress_titles_desc":"","_seopress_robots_index":"","footnotes":""},"categories":[16,47,52],"tags":[],"class_list":["post-8333","post","type-post","status-publish","format-standard","has-post-thumbnail","hentry","category-16","category-fr","category-news"],"acf":[],"_links":{"self":[{"href":"https:\/\/www.euramobil.de\/en\/wp-json\/wp\/v2\/posts\/8333","targetHints":{"allow":["GET"]}}],"collection":[{"href":"https:\/\/www.euramobil.de\/en\/wp-json\/wp\/v2\/posts"}],"about":[{"href":"https:\/\/www.euramobil.de\/en\/wp-json\/wp\/v2\/types\/post"}],"author":[{"embeddable":true,"href":"https:\/\/www.euramobil.de\/en\/wp-json\/wp\/v2\/users\/1"}],"replies":[{"embeddable":true,"href":"https:\/\/www.euramobil.de\/en\/wp-json\/wp\/v2\/comments?post=8333"}],"version-history":[{"count":2,"href":"https:\/\/www.euramobil.de\/en\/wp-json\/wp\/v2\/posts\/8333\/revisions"}],"predecessor-version":[{"id":22391,"href":"https:\/\/www.euramobil.de\/en\/wp-json\/wp\/v2\/posts\/8333\/revisions\/22391"}],"wp:featuredmedia":[{"embeddable":true,"href":"https:\/\/www.euramobil.de\/en\/wp-json\/wp\/v2\/media\/8334"}],"wp:attachment":[{"href":"https:\/\/www.euramobil.de\/en\/wp-json\/wp\/v2\/media?parent=8333"}],"wp:term":[{"taxonomy":"category","embeddable":true,"href":"https:\/\/www.euramobil.de\/en\/wp-json\/wp\/v2\/categories?post=8333"},{"taxonomy":"post_tag","embeddable":true,"href":"https:\/\/www.euramobil.de\/en\/wp-json\/wp\/v2\/tags?post=8333"}],"curies":[{"name":"wp","href":"https:\/\/api.w.org\/{rel}","templated":true}]}}