{"id":19587,"date":"2024-09-12T10:08:27","date_gmt":"2024-09-12T10:08:27","guid":{"rendered":"https:\/\/www.euramobil.de\/?p=19587"},"modified":"2025-08-05T22:58:28","modified_gmt":"2025-08-05T22:58:28","slug":"levenement-incontournable-a-ne-pas-manquer","status":"publish","type":"post","link":"https:\/\/www.euramobil.de\/fr\/levenement-incontournable-a-ne-pas-manquer\/","title":{"rendered":"L\u2019\u00c9V\u00c9NEMENT INCONTOURNABLE \u00c0 NE PAS MANQUER !"},"content":{"rendered":"<p>Bienvenue au Salon des V\u00e9hicules de Loisirs, l\u2019\u00e9v\u00e9nement incontournable pour les passionn\u00e9s de camping-cars, caravanes, vans, fourgons et mobil-homes!<\/p>\n\n\n\n<p>DATES &amp; LIEU<\/p>\n\n\n\n<p>Cette ann\u00e9e, le Salon vous accueille du 21 au 29 septembre 2024, de 10h \u00e0 19h tous les jours pour sa 58\u00e8me \u00e9dition \u00e0 Paris-Nord Villepinte.<\/p>\n\n\n\n<p>Venez d\u00e9couvrir les nouveaut\u00e9s de la marque Eura Mobil sur notre stand dans le hall 5A\/C7.<\/p>\n\n\n\n<p>Tout l\u2019\u00e9quipe Eura Mobil se r\u00e9jouit de vous accueillir !<\/p>","protected":false},"excerpt":{"rendered":"<p>Willkommen auf der Freizeitfahrzeugmesse, dem unverzichtbaren Event f\u00fcr Liebhaber von Wohnmobilen, Wohnwagen, Vans, Lieferwagen und Mobilheimen! TERMINE &amp; ORT Dieses Jahr findet die Messe vom 21. bis 29. September 2024 t\u00e4glich von 10 bis 19 Uhr in Paris-Nord Villepinte statt. Entdecken Sie die Neuheiten der Marke Eura Mobil an unserem Stand in Halle 5A\/C7. Das [&hellip;]<\/p>\n","protected":false},"author":1,"featured_media":19610,"comment_status":"closed","ping_status":"closed","sticky":false,"template":"","format":"standard","meta":{"_acf_changed":false,"_seopress_robots_primary_cat":"none","_seopress_titles_title":"","_seopress_titles_desc":"","_seopress_robots_index":"","footnotes":""},"categories":[21,51,47],"tags":[],"class_list":["post-19587","post","type-post","status-publish","format-standard","has-post-thumbnail","hentry","category-21","category-events","category-fr"],"acf":[],"_links":{"self":[{"href":"https:\/\/www.euramobil.de\/fr\/wp-json\/wp\/v2\/posts\/19587","targetHints":{"allow":["GET"]}}],"collection":[{"href":"https:\/\/www.euramobil.de\/fr\/wp-json\/wp\/v2\/posts"}],"about":[{"href":"https:\/\/www.euramobil.de\/fr\/wp-json\/wp\/v2\/types\/post"}],"author":[{"embeddable":true,"href":"https:\/\/www.euramobil.de\/fr\/wp-json\/wp\/v2\/users\/1"}],"replies":[{"embeddable":true,"href":"https:\/\/www.euramobil.de\/fr\/wp-json\/wp\/v2\/comments?post=19587"}],"version-history":[{"count":3,"href":"https:\/\/www.euramobil.de\/fr\/wp-json\/wp\/v2\/posts\/19587\/revisions"}],"predecessor-version":[{"id":22364,"href":"https:\/\/www.euramobil.de\/fr\/wp-json\/wp\/v2\/posts\/19587\/revisions\/22364"}],"wp:featuredmedia":[{"embeddable":true,"href":"https:\/\/www.euramobil.de\/fr\/wp-json\/wp\/v2\/media\/19610"}],"wp:attachment":[{"href":"https:\/\/www.euramobil.de\/fr\/wp-json\/wp\/v2\/media?parent=19587"}],"wp:term":[{"taxonomy":"category","embeddable":true,"href":"https:\/\/www.euramobil.de\/fr\/wp-json\/wp\/v2\/categories?post=19587"},{"taxonomy":"post_tag","embeddable":true,"href":"https:\/\/www.euramobil.de\/fr\/wp-json\/wp\/v2\/tags?post=19587"}],"curies":[{"name":"wp","href":"https:\/\/api.w.org\/{rel}","templated":true}]}}