{"id":22517,"date":"2025-08-31T10:14:10","date_gmt":"2025-08-31T10:14:10","guid":{"rendered":"https:\/\/www.euramobil.de\/?p=22517"},"modified":"2026-03-04T09:21:46","modified_gmt":"2026-03-04T09:21:46","slug":"la-nuova-xtura-escape-e-individuale-come-i-vostri-viaggi","status":"publish","type":"post","link":"https:\/\/www.euramobil.de\/it\/der-neue-xtura-escape-so-individuell-wie-ihre-reisen\/","title":{"rendered":"La nuova Xtura ESCAPE: individuale come i vostri viaggi"},"content":{"rendered":"<p>Siamo lieti di presentare al Caravan Salon 2025 il nostro nuovo \"progetto faro\": il <strong>Xtura \"Escape<\/strong>. Questa esclusiva personalizzazione si basa sulla nostra collaudata Xtura ed \u00e8 stata progettata appositamente per gli appassionati di fuoristrada e per gli avventurieri alla ricerca dell'esperienza selvaggia definitiva.<\/p>\n\n\n\n<h3 class=\"wp-block-heading\">Per le vere avventure in fuoristrada<\/h3>\n\n\n\n<p>L'Xtura \"Escape\" fa un ulteriore passo avanti in termini di capacit\u00e0 fuoristrada. Abbiamo aumentato il peso totale consentito a 4,45 tonnellate con molle rinforzate e abbiamo aumentato il carico dell'asse posteriore a 2,65 tonnellate. Il risultato: un angolo di pendenza superiore di 90 mm, che offre maggiore libert\u00e0 anche su terreni difficili. Una combinazione di ruote e pneumatici pi\u00f9 grandi (265\/70R16) offre maggiore trazione e stabilit\u00e0.<\/p>\n\n\n\n<p>Per proteggere il motore, la trasmissione e il serbatoio del carburante durante i viaggi pi\u00f9 impegnativi, abbiamo montato robuste griglie di protezione sul sottoscocca. Uno snorkel assicura l'alimentazione dell'aria durante la guida in acqua, mentre una maggiore illuminazione ambientale nella zona anteriore garantisce una visibilit\u00e0 ottimale. E per ogni evenienza, la \"Escape\" \u00e8 dotata di un <strong>Kit di salvataggio e recupero<\/strong> che contiene sabbia e pannelli di recupero, nonch\u00e9 un compressore per pneumatici e un agente di riempimento.<\/p>\n\n\n\n<figure class=\"wp-block-image size-large\"><img alt=\"\" loading=\"lazy\" decoding=\"async\" width=\"1800\" height=\"1013\" src=\"https:\/\/www.euramobil.de\/wp-content\/uploads\/2025\/08\/EM_XTura_Escape_09-edited.jpg\" class=\"wp-image-22555\" srcset=\"https:\/\/www.euramobil.de\/wp-content\/uploads\/2025\/08\/EM_XTura_Escape_09-edited.jpg 1800w, https:\/\/www.euramobil.de\/wp-content\/uploads\/2025\/08\/EM_XTura_Escape_09-edited-300x169.jpg 300w, https:\/\/www.euramobil.de\/wp-content\/uploads\/2025\/08\/EM_XTura_Escape_09-edited-1024x576.jpg 1024w, https:\/\/www.euramobil.de\/wp-content\/uploads\/2025\/08\/EM_XTura_Escape_09-edited-768x432.jpg 768w, https:\/\/www.euramobil.de\/wp-content\/uploads\/2025\/08\/EM_XTura_Escape_09-edited-1536x864.jpg 1536w, https:\/\/www.euramobil.de\/wp-content\/uploads\/2025\/08\/EM_XTura_Escape_09-edited-18x10.jpg 18w\" sizes=\"auto, (max-width: 1800px) 100vw, 1800px\" \/><\/figure>\n\n\n\n<h3 class=\"wp-block-heading\">Design e interni esclusivi<\/h3>\n\n\n\n<p>L'esterno dell'Xtura \"Escape\" \u00e8 robusto come le sue capacit\u00e0 off-road. La grafica nera opaca su un gelcoat color sabbia e le sezioni anteriori e laterali protette con il Raptor Coating le conferiscono un aspetto robusto e resistente.<\/p>\n\n\n\n<h2 class=\"wp-block-heading\">Design esterno<\/h2>\n\n\n\n<figure class=\"wp-block-gallery has-nested-images columns-default is-cropped wp-block-gallery-1 is-layout-flex wp-block-gallery-is-layout-flex\">\n<figure class=\"wp-block-image size-large\"><img alt=\"\" loading=\"lazy\" decoding=\"async\" width=\"1024\" height=\"691\" data-id=\"22536\" src=\"https:\/\/www.euramobil.de\/wp-content\/uploads\/2025\/08\/EM_XTura_Escape_03-1024x691.jpg\" class=\"wp-image-22536\" srcset=\"https:\/\/www.euramobil.de\/wp-content\/uploads\/2025\/08\/EM_XTura_Escape_03-1024x691.jpg 1024w, https:\/\/www.euramobil.de\/wp-content\/uploads\/2025\/08\/EM_XTura_Escape_03-300x202.jpg 300w, https:\/\/www.euramobil.de\/wp-content\/uploads\/2025\/08\/EM_XTura_Escape_03-768x518.jpg 768w, https:\/\/www.euramobil.de\/wp-content\/uploads\/2025\/08\/EM_XTura_Escape_03-1536x1036.jpg 1536w, https:\/\/www.euramobil.de\/wp-content\/uploads\/2025\/08\/EM_XTura_Escape_03-18x12.jpg 18w, https:\/\/www.euramobil.de\/wp-content\/uploads\/2025\/08\/EM_XTura_Escape_03.jpg 1800w\" sizes=\"auto, (max-width: 1024px) 100vw, 1024px\" \/><\/figure>\n\n\n\n<figure class=\"wp-block-image size-large\"><img alt=\"\" loading=\"lazy\" decoding=\"async\" width=\"1024\" height=\"683\" data-id=\"22538\" src=\"https:\/\/www.euramobil.de\/wp-content\/uploads\/2025\/08\/EM_XTura_Escape_05-1024x683.jpg\" class=\"wp-image-22538\" srcset=\"https:\/\/www.euramobil.de\/wp-content\/uploads\/2025\/08\/EM_XTura_Escape_05-1024x683.jpg 1024w, https:\/\/www.euramobil.de\/wp-content\/uploads\/2025\/08\/EM_XTura_Escape_05-300x200.jpg 300w, https:\/\/www.euramobil.de\/wp-content\/uploads\/2025\/08\/EM_XTura_Escape_05-768x512.jpg 768w, https:\/\/www.euramobil.de\/wp-content\/uploads\/2025\/08\/EM_XTura_Escape_05-1536x1025.jpg 1536w, https:\/\/www.euramobil.de\/wp-content\/uploads\/2025\/08\/EM_XTura_Escape_05-18x12.jpg 18w, https:\/\/www.euramobil.de\/wp-content\/uploads\/2025\/08\/EM_XTura_Escape_05.jpg 1800w\" sizes=\"auto, (max-width: 1024px) 100vw, 1024px\" \/><\/figure>\n\n\n\n<figure class=\"wp-block-image size-large\"><img alt=\"\" loading=\"lazy\" decoding=\"async\" width=\"1024\" height=\"683\" data-id=\"22537\" src=\"https:\/\/www.euramobil.de\/wp-content\/uploads\/2025\/08\/EM_XTura_Escape_04-1024x683.jpg\" class=\"wp-image-22537\" srcset=\"https:\/\/www.euramobil.de\/wp-content\/uploads\/2025\/08\/EM_XTura_Escape_04-1024x683.jpg 1024w, https:\/\/www.euramobil.de\/wp-content\/uploads\/2025\/08\/EM_XTura_Escape_04-300x200.jpg 300w, https:\/\/www.euramobil.de\/wp-content\/uploads\/2025\/08\/EM_XTura_Escape_04-768x512.jpg 768w, https:\/\/www.euramobil.de\/wp-content\/uploads\/2025\/08\/EM_XTura_Escape_04-1536x1025.jpg 1536w, https:\/\/www.euramobil.de\/wp-content\/uploads\/2025\/08\/EM_XTura_Escape_04-18x12.jpg 18w, https:\/\/www.euramobil.de\/wp-content\/uploads\/2025\/08\/EM_XTura_Escape_04.jpg 1800w\" sizes=\"auto, (max-width: 1024px) 100vw, 1024px\" \/><\/figure>\n\n\n\n<figure class=\"wp-block-image size-large\"><img alt=\"\" loading=\"lazy\" decoding=\"async\" width=\"1024\" height=\"692\" data-id=\"22535\" src=\"https:\/\/www.euramobil.de\/wp-content\/uploads\/2025\/08\/EM_XTura_Escape_02-1024x692.jpg\" class=\"wp-image-22535\" srcset=\"https:\/\/www.euramobil.de\/wp-content\/uploads\/2025\/08\/EM_XTura_Escape_02-1024x692.jpg 1024w, https:\/\/www.euramobil.de\/wp-content\/uploads\/2025\/08\/EM_XTura_Escape_02-300x203.jpg 300w, https:\/\/www.euramobil.de\/wp-content\/uploads\/2025\/08\/EM_XTura_Escape_02-768x519.jpg 768w, https:\/\/www.euramobil.de\/wp-content\/uploads\/2025\/08\/EM_XTura_Escape_02-1536x1039.jpg 1536w, https:\/\/www.euramobil.de\/wp-content\/uploads\/2025\/08\/EM_XTura_Escape_02-18x12.jpg 18w, https:\/\/www.euramobil.de\/wp-content\/uploads\/2025\/08\/EM_XTura_Escape_02.jpg 1800w\" sizes=\"auto, (max-width: 1024px) 100vw, 1024px\" \/><\/figure>\n\n\n\n<figure class=\"wp-block-image size-large\"><img alt=\"\" loading=\"lazy\" decoding=\"async\" width=\"1024\" height=\"683\" data-id=\"22533\" src=\"https:\/\/www.euramobil.de\/wp-content\/uploads\/2025\/08\/EM_XTura_Escape_17-1024x683.jpg\" class=\"wp-image-22533\" srcset=\"https:\/\/www.euramobil.de\/wp-content\/uploads\/2025\/08\/EM_XTura_Escape_17-1024x683.jpg 1024w, https:\/\/www.euramobil.de\/wp-content\/uploads\/2025\/08\/EM_XTura_Escape_17-300x200.jpg 300w, https:\/\/www.euramobil.de\/wp-content\/uploads\/2025\/08\/EM_XTura_Escape_17-768x512.jpg 768w, https:\/\/www.euramobil.de\/wp-content\/uploads\/2025\/08\/EM_XTura_Escape_17-1536x1025.jpg 1536w, https:\/\/www.euramobil.de\/wp-content\/uploads\/2025\/08\/EM_XTura_Escape_17-18x12.jpg 18w, https:\/\/www.euramobil.de\/wp-content\/uploads\/2025\/08\/EM_XTura_Escape_17.jpg 1800w\" sizes=\"auto, (max-width: 1024px) 100vw, 1024px\" \/><\/figure>\n\n\n\n<figure class=\"wp-block-image size-large\"><img alt=\"\" loading=\"lazy\" decoding=\"async\" width=\"1024\" height=\"683\" data-id=\"22532\" src=\"https:\/\/www.euramobil.de\/wp-content\/uploads\/2025\/08\/EM_XTura_Escape_16-1024x683.jpg\" class=\"wp-image-22532\" srcset=\"https:\/\/www.euramobil.de\/wp-content\/uploads\/2025\/08\/EM_XTura_Escape_16-1024x683.jpg 1024w, https:\/\/www.euramobil.de\/wp-content\/uploads\/2025\/08\/EM_XTura_Escape_16-300x200.jpg 300w, https:\/\/www.euramobil.de\/wp-content\/uploads\/2025\/08\/EM_XTura_Escape_16-768x512.jpg 768w, https:\/\/www.euramobil.de\/wp-content\/uploads\/2025\/08\/EM_XTura_Escape_16-1536x1025.jpg 1536w, https:\/\/www.euramobil.de\/wp-content\/uploads\/2025\/08\/EM_XTura_Escape_16-18x12.jpg 18w, https:\/\/www.euramobil.de\/wp-content\/uploads\/2025\/08\/EM_XTura_Escape_16.jpg 1800w\" sizes=\"auto, (max-width: 1024px) 100vw, 1024px\" \/><\/figure>\n\n\n\n<figure class=\"wp-block-image size-large\"><img alt=\"\" loading=\"lazy\" decoding=\"async\" width=\"1024\" height=\"683\" data-id=\"22531\" src=\"https:\/\/www.euramobil.de\/wp-content\/uploads\/2025\/08\/EM_XTura_Escape_15-1024x683.jpg\" class=\"wp-image-22531\" srcset=\"https:\/\/www.euramobil.de\/wp-content\/uploads\/2025\/08\/EM_XTura_Escape_15-1024x683.jpg 1024w, https:\/\/www.euramobil.de\/wp-content\/uploads\/2025\/08\/EM_XTura_Escape_15-300x200.jpg 300w, https:\/\/www.euramobil.de\/wp-content\/uploads\/2025\/08\/EM_XTura_Escape_15-768x512.jpg 768w, https:\/\/www.euramobil.de\/wp-content\/uploads\/2025\/08\/EM_XTura_Escape_15-1536x1025.jpg 1536w, https:\/\/www.euramobil.de\/wp-content\/uploads\/2025\/08\/EM_XTura_Escape_15-18x12.jpg 18w, https:\/\/www.euramobil.de\/wp-content\/uploads\/2025\/08\/EM_XTura_Escape_15.jpg 1800w\" sizes=\"auto, (max-width: 1024px) 100vw, 1024px\" \/><\/figure>\n\n\n\n<figure class=\"wp-block-image size-large\"><img alt=\"\" loading=\"lazy\" decoding=\"async\" width=\"1024\" height=\"683\" data-id=\"22530\" src=\"https:\/\/www.euramobil.de\/wp-content\/uploads\/2025\/08\/EM_XTura_Escape_14-1024x683.jpg\" class=\"wp-image-22530\" srcset=\"https:\/\/www.euramobil.de\/wp-content\/uploads\/2025\/08\/EM_XTura_Escape_14-1024x683.jpg 1024w, https:\/\/www.euramobil.de\/wp-content\/uploads\/2025\/08\/EM_XTura_Escape_14-300x200.jpg 300w, https:\/\/www.euramobil.de\/wp-content\/uploads\/2025\/08\/EM_XTura_Escape_14-768x512.jpg 768w, https:\/\/www.euramobil.de\/wp-content\/uploads\/2025\/08\/EM_XTura_Escape_14-1536x1025.jpg 1536w, https:\/\/www.euramobil.de\/wp-content\/uploads\/2025\/08\/EM_XTura_Escape_14-18x12.jpg 18w, https:\/\/www.euramobil.de\/wp-content\/uploads\/2025\/08\/EM_XTura_Escape_14.jpg 1800w\" sizes=\"auto, (max-width: 1024px) 100vw, 1024px\" \/><\/figure>\n\n\n\n<figure class=\"wp-block-image size-large\"><img alt=\"\" loading=\"lazy\" decoding=\"async\" width=\"1024\" height=\"683\" data-id=\"22529\" src=\"https:\/\/www.euramobil.de\/wp-content\/uploads\/2025\/08\/EM_XTura_Escape_13-1024x683.jpg\" class=\"wp-image-22529\" srcset=\"https:\/\/www.euramobil.de\/wp-content\/uploads\/2025\/08\/EM_XTura_Escape_13-1024x683.jpg 1024w, https:\/\/www.euramobil.de\/wp-content\/uploads\/2025\/08\/EM_XTura_Escape_13-300x200.jpg 300w, https:\/\/www.euramobil.de\/wp-content\/uploads\/2025\/08\/EM_XTura_Escape_13-768x512.jpg 768w, https:\/\/www.euramobil.de\/wp-content\/uploads\/2025\/08\/EM_XTura_Escape_13-1536x1025.jpg 1536w, https:\/\/www.euramobil.de\/wp-content\/uploads\/2025\/08\/EM_XTura_Escape_13-18x12.jpg 18w, https:\/\/www.euramobil.de\/wp-content\/uploads\/2025\/08\/EM_XTura_Escape_13.jpg 1800w\" sizes=\"auto, (max-width: 1024px) 100vw, 1024px\" \/><\/figure>\n\n\n\n<figure class=\"wp-block-image size-large\"><img alt=\"\" loading=\"lazy\" decoding=\"async\" width=\"1024\" height=\"683\" data-id=\"22528\" src=\"https:\/\/www.euramobil.de\/wp-content\/uploads\/2025\/08\/EM_XTura_Escape_12-1024x683.jpg\" class=\"wp-image-22528\" srcset=\"https:\/\/www.euramobil.de\/wp-content\/uploads\/2025\/08\/EM_XTura_Escape_12-1024x683.jpg 1024w, https:\/\/www.euramobil.de\/wp-content\/uploads\/2025\/08\/EM_XTura_Escape_12-300x200.jpg 300w, https:\/\/www.euramobil.de\/wp-content\/uploads\/2025\/08\/EM_XTura_Escape_12-768x512.jpg 768w, https:\/\/www.euramobil.de\/wp-content\/uploads\/2025\/08\/EM_XTura_Escape_12-1536x1025.jpg 1536w, https:\/\/www.euramobil.de\/wp-content\/uploads\/2025\/08\/EM_XTura_Escape_12-18x12.jpg 18w, https:\/\/www.euramobil.de\/wp-content\/uploads\/2025\/08\/EM_XTura_Escape_12.jpg 1800w\" sizes=\"auto, (max-width: 1024px) 100vw, 1024px\" \/><\/figure>\n\n\n\n<figure class=\"wp-block-image size-large\"><img alt=\"\" loading=\"lazy\" decoding=\"async\" width=\"1024\" height=\"683\" data-id=\"22527\" src=\"https:\/\/www.euramobil.de\/wp-content\/uploads\/2025\/08\/EM_XTura_Escape_11-1024x683.jpg\" class=\"wp-image-22527\" srcset=\"https:\/\/www.euramobil.de\/wp-content\/uploads\/2025\/08\/EM_XTura_Escape_11-1024x683.jpg 1024w, https:\/\/www.euramobil.de\/wp-content\/uploads\/2025\/08\/EM_XTura_Escape_11-300x200.jpg 300w, https:\/\/www.euramobil.de\/wp-content\/uploads\/2025\/08\/EM_XTura_Escape_11-768x512.jpg 768w, https:\/\/www.euramobil.de\/wp-content\/uploads\/2025\/08\/EM_XTura_Escape_11-1536x1025.jpg 1536w, https:\/\/www.euramobil.de\/wp-content\/uploads\/2025\/08\/EM_XTura_Escape_11-18x12.jpg 18w, https:\/\/www.euramobil.de\/wp-content\/uploads\/2025\/08\/EM_XTura_Escape_11.jpg 1800w\" sizes=\"auto, (max-width: 1024px) 100vw, 1024px\" \/><\/figure>\n\n\n\n<figure class=\"wp-block-image size-large\"><img alt=\"\" loading=\"lazy\" decoding=\"async\" width=\"1024\" height=\"683\" data-id=\"22526\" src=\"https:\/\/www.euramobil.de\/wp-content\/uploads\/2025\/08\/EM_XTura_Escape_10-1024x683.jpg\" class=\"wp-image-22526\" srcset=\"https:\/\/www.euramobil.de\/wp-content\/uploads\/2025\/08\/EM_XTura_Escape_10-1024x683.jpg 1024w, https:\/\/www.euramobil.de\/wp-content\/uploads\/2025\/08\/EM_XTura_Escape_10-300x200.jpg 300w, https:\/\/www.euramobil.de\/wp-content\/uploads\/2025\/08\/EM_XTura_Escape_10-768x512.jpg 768w, https:\/\/www.euramobil.de\/wp-content\/uploads\/2025\/08\/EM_XTura_Escape_10-1536x1025.jpg 1536w, https:\/\/www.euramobil.de\/wp-content\/uploads\/2025\/08\/EM_XTura_Escape_10-18x12.jpg 18w, https:\/\/www.euramobil.de\/wp-content\/uploads\/2025\/08\/EM_XTura_Escape_10.jpg 1800w\" sizes=\"auto, (max-width: 1024px) 100vw, 1024px\" \/><\/figure>\n\n\n\n<figure class=\"wp-block-image size-large\"><img alt=\"\" loading=\"lazy\" decoding=\"async\" width=\"1024\" height=\"683\" data-id=\"22525\" src=\"https:\/\/www.euramobil.de\/wp-content\/uploads\/2025\/08\/EM_XTura_Escape_09-1024x683.jpg\" class=\"wp-image-22525\" srcset=\"https:\/\/www.euramobil.de\/wp-content\/uploads\/2025\/08\/EM_XTura_Escape_09-1024x683.jpg 1024w, https:\/\/www.euramobil.de\/wp-content\/uploads\/2025\/08\/EM_XTura_Escape_09-300x200.jpg 300w, https:\/\/www.euramobil.de\/wp-content\/uploads\/2025\/08\/EM_XTura_Escape_09-768x512.jpg 768w, https:\/\/www.euramobil.de\/wp-content\/uploads\/2025\/08\/EM_XTura_Escape_09-1536x1025.jpg 1536w, https:\/\/www.euramobil.de\/wp-content\/uploads\/2025\/08\/EM_XTura_Escape_09-18x12.jpg 18w, https:\/\/www.euramobil.de\/wp-content\/uploads\/2025\/08\/EM_XTura_Escape_09.jpg 1800w\" sizes=\"auto, (max-width: 1024px) 100vw, 1024px\" \/><\/figure>\n\n\n\n<figure class=\"wp-block-image size-large\"><img alt=\"\" loading=\"lazy\" decoding=\"async\" width=\"1024\" height=\"683\" data-id=\"22524\" src=\"https:\/\/www.euramobil.de\/wp-content\/uploads\/2025\/08\/EM_XTura_Escape_08-1024x683.jpg\" class=\"wp-image-22524\" srcset=\"https:\/\/www.euramobil.de\/wp-content\/uploads\/2025\/08\/EM_XTura_Escape_08-1024x683.jpg 1024w, https:\/\/www.euramobil.de\/wp-content\/uploads\/2025\/08\/EM_XTura_Escape_08-300x200.jpg 300w, https:\/\/www.euramobil.de\/wp-content\/uploads\/2025\/08\/EM_XTura_Escape_08-768x512.jpg 768w, https:\/\/www.euramobil.de\/wp-content\/uploads\/2025\/08\/EM_XTura_Escape_08-1536x1025.jpg 1536w, https:\/\/www.euramobil.de\/wp-content\/uploads\/2025\/08\/EM_XTura_Escape_08-18x12.jpg 18w, https:\/\/www.euramobil.de\/wp-content\/uploads\/2025\/08\/EM_XTura_Escape_08.jpg 1800w\" sizes=\"auto, (max-width: 1024px) 100vw, 1024px\" \/><\/figure>\n\n\n\n<figure class=\"wp-block-image size-large\"><img alt=\"\" loading=\"lazy\" decoding=\"async\" width=\"1024\" height=\"683\" data-id=\"22523\" src=\"https:\/\/www.euramobil.de\/wp-content\/uploads\/2025\/08\/EM_XTura_Escape_07-1024x683.jpg\" class=\"wp-image-22523\" srcset=\"https:\/\/www.euramobil.de\/wp-content\/uploads\/2025\/08\/EM_XTura_Escape_07-1024x683.jpg 1024w, https:\/\/www.euramobil.de\/wp-content\/uploads\/2025\/08\/EM_XTura_Escape_07-300x200.jpg 300w, https:\/\/www.euramobil.de\/wp-content\/uploads\/2025\/08\/EM_XTura_Escape_07-768x512.jpg 768w, https:\/\/www.euramobil.de\/wp-content\/uploads\/2025\/08\/EM_XTura_Escape_07-1536x1025.jpg 1536w, https:\/\/www.euramobil.de\/wp-content\/uploads\/2025\/08\/EM_XTura_Escape_07-18x12.jpg 18w, https:\/\/www.euramobil.de\/wp-content\/uploads\/2025\/08\/EM_XTura_Escape_07.jpg 1800w\" sizes=\"auto, (max-width: 1024px) 100vw, 1024px\" \/><\/figure>\n\n\n\n<figure class=\"wp-block-image size-large\"><img alt=\"\" loading=\"lazy\" decoding=\"async\" width=\"1024\" height=\"683\" data-id=\"22522\" src=\"https:\/\/www.euramobil.de\/wp-content\/uploads\/2025\/08\/EM_XTura_Escape_06-1024x683.jpg\" class=\"wp-image-22522\" srcset=\"https:\/\/www.euramobil.de\/wp-content\/uploads\/2025\/08\/EM_XTura_Escape_06-1024x683.jpg 1024w, https:\/\/www.euramobil.de\/wp-content\/uploads\/2025\/08\/EM_XTura_Escape_06-300x200.jpg 300w, https:\/\/www.euramobil.de\/wp-content\/uploads\/2025\/08\/EM_XTura_Escape_06-768x512.jpg 768w, https:\/\/www.euramobil.de\/wp-content\/uploads\/2025\/08\/EM_XTura_Escape_06-1536x1025.jpg 1536w, https:\/\/www.euramobil.de\/wp-content\/uploads\/2025\/08\/EM_XTura_Escape_06-18x12.jpg 18w, https:\/\/www.euramobil.de\/wp-content\/uploads\/2025\/08\/EM_XTura_Escape_06.jpg 1800w\" sizes=\"auto, (max-width: 1024px) 100vw, 1024px\" \/><\/figure>\n<\/figure>\n\n\n\n<p>Anche per gli interni abbiamo optato per un design unico. Gli interni bicolore in pelle bovina granulata creano un ambiente naturalmente autentico. I sedili color nocciola si armonizzano perfettamente con gli accenti chiari color nocciola pecan dei pensili, delle pareti e del soffitto. Le cuciture decorative color avorio con impunture sportive a croce creano un contrasto attraente. La nappa nera opaca sulla parte superiore del cruscotto \u00e8 un elemento di spicco visivo e tattile.<\/p>\n\n\n\n<h2 class=\"wp-block-heading\">Design d'interni<\/h2>\n\n\n\n<figure class=\"wp-block-gallery has-nested-images columns-default is-cropped wp-block-gallery-2 is-layout-flex wp-block-gallery-is-layout-flex\">\n<figure class=\"wp-block-image size-large\"><img alt=\"\" loading=\"lazy\" decoding=\"async\" width=\"1024\" height=\"683\" data-id=\"22539\" src=\"https:\/\/www.euramobil.de\/wp-content\/uploads\/2025\/08\/EM_XTura_Escape_25-1024x683.jpg\" class=\"wp-image-22539\" srcset=\"https:\/\/www.euramobil.de\/wp-content\/uploads\/2025\/08\/EM_XTura_Escape_25-1024x683.jpg 1024w, https:\/\/www.euramobil.de\/wp-content\/uploads\/2025\/08\/EM_XTura_Escape_25-300x200.jpg 300w, https:\/\/www.euramobil.de\/wp-content\/uploads\/2025\/08\/EM_XTura_Escape_25-768x512.jpg 768w, https:\/\/www.euramobil.de\/wp-content\/uploads\/2025\/08\/EM_XTura_Escape_25-1536x1025.jpg 1536w, https:\/\/www.euramobil.de\/wp-content\/uploads\/2025\/08\/EM_XTura_Escape_25-18x12.jpg 18w, https:\/\/www.euramobil.de\/wp-content\/uploads\/2025\/08\/EM_XTura_Escape_25.jpg 1800w\" sizes=\"auto, (max-width: 1024px) 100vw, 1024px\" \/><\/figure>\n\n\n\n<figure class=\"wp-block-image size-large\"><img alt=\"\" loading=\"lazy\" decoding=\"async\" width=\"1024\" height=\"683\" data-id=\"22540\" src=\"https:\/\/www.euramobil.de\/wp-content\/uploads\/2025\/08\/EM_XTura_Escape_26-1024x683.jpg\" class=\"wp-image-22540\" srcset=\"https:\/\/www.euramobil.de\/wp-content\/uploads\/2025\/08\/EM_XTura_Escape_26-1024x683.jpg 1024w, https:\/\/www.euramobil.de\/wp-content\/uploads\/2025\/08\/EM_XTura_Escape_26-300x200.jpg 300w, https:\/\/www.euramobil.de\/wp-content\/uploads\/2025\/08\/EM_XTura_Escape_26-768x512.jpg 768w, https:\/\/www.euramobil.de\/wp-content\/uploads\/2025\/08\/EM_XTura_Escape_26-1536x1025.jpg 1536w, https:\/\/www.euramobil.de\/wp-content\/uploads\/2025\/08\/EM_XTura_Escape_26-18x12.jpg 18w, https:\/\/www.euramobil.de\/wp-content\/uploads\/2025\/08\/EM_XTura_Escape_26.jpg 1800w\" sizes=\"auto, (max-width: 1024px) 100vw, 1024px\" \/><\/figure>\n\n\n\n<figure class=\"wp-block-image size-large\"><img alt=\"\" loading=\"lazy\" decoding=\"async\" width=\"1024\" height=\"683\" data-id=\"22541\" src=\"https:\/\/www.euramobil.de\/wp-content\/uploads\/2025\/08\/EM_XTura_Escape_27-1024x683.jpg\" class=\"wp-image-22541\" srcset=\"https:\/\/www.euramobil.de\/wp-content\/uploads\/2025\/08\/EM_XTura_Escape_27-1024x683.jpg 1024w, https:\/\/www.euramobil.de\/wp-content\/uploads\/2025\/08\/EM_XTura_Escape_27-300x200.jpg 300w, https:\/\/www.euramobil.de\/wp-content\/uploads\/2025\/08\/EM_XTura_Escape_27-768x512.jpg 768w, https:\/\/www.euramobil.de\/wp-content\/uploads\/2025\/08\/EM_XTura_Escape_27-1536x1025.jpg 1536w, https:\/\/www.euramobil.de\/wp-content\/uploads\/2025\/08\/EM_XTura_Escape_27-18x12.jpg 18w, https:\/\/www.euramobil.de\/wp-content\/uploads\/2025\/08\/EM_XTura_Escape_27.jpg 1800w\" sizes=\"auto, (max-width: 1024px) 100vw, 1024px\" \/><\/figure>\n\n\n\n<figure class=\"wp-block-image size-large\"><img alt=\"\" loading=\"lazy\" decoding=\"async\" width=\"1024\" height=\"683\" data-id=\"22542\" src=\"https:\/\/www.euramobil.de\/wp-content\/uploads\/2025\/08\/EM_XTura_Escape_28-1024x683.jpg\" class=\"wp-image-22542\" srcset=\"https:\/\/www.euramobil.de\/wp-content\/uploads\/2025\/08\/EM_XTura_Escape_28-1024x683.jpg 1024w, https:\/\/www.euramobil.de\/wp-content\/uploads\/2025\/08\/EM_XTura_Escape_28-300x200.jpg 300w, https:\/\/www.euramobil.de\/wp-content\/uploads\/2025\/08\/EM_XTura_Escape_28-768x512.jpg 768w, https:\/\/www.euramobil.de\/wp-content\/uploads\/2025\/08\/EM_XTura_Escape_28-1536x1025.jpg 1536w, https:\/\/www.euramobil.de\/wp-content\/uploads\/2025\/08\/EM_XTura_Escape_28-18x12.jpg 18w, https:\/\/www.euramobil.de\/wp-content\/uploads\/2025\/08\/EM_XTura_Escape_28.jpg 1800w\" sizes=\"auto, (max-width: 1024px) 100vw, 1024px\" \/><\/figure>\n\n\n\n<figure class=\"wp-block-image size-large\"><img alt=\"\" loading=\"lazy\" decoding=\"async\" width=\"1024\" height=\"683\" data-id=\"22543\" src=\"https:\/\/www.euramobil.de\/wp-content\/uploads\/2025\/08\/EM_XTura_Escape_29-1024x683.jpg\" class=\"wp-image-22543\" srcset=\"https:\/\/www.euramobil.de\/wp-content\/uploads\/2025\/08\/EM_XTura_Escape_29-1024x683.jpg 1024w, https:\/\/www.euramobil.de\/wp-content\/uploads\/2025\/08\/EM_XTura_Escape_29-300x200.jpg 300w, https:\/\/www.euramobil.de\/wp-content\/uploads\/2025\/08\/EM_XTura_Escape_29-768x512.jpg 768w, https:\/\/www.euramobil.de\/wp-content\/uploads\/2025\/08\/EM_XTura_Escape_29-1536x1025.jpg 1536w, https:\/\/www.euramobil.de\/wp-content\/uploads\/2025\/08\/EM_XTura_Escape_29-18x12.jpg 18w, https:\/\/www.euramobil.de\/wp-content\/uploads\/2025\/08\/EM_XTura_Escape_29.jpg 1800w\" sizes=\"auto, (max-width: 1024px) 100vw, 1024px\" \/><\/figure>\n\n\n\n<figure class=\"wp-block-image size-large\"><img alt=\"\" loading=\"lazy\" decoding=\"async\" width=\"1024\" height=\"683\" data-id=\"22544\" src=\"https:\/\/www.euramobil.de\/wp-content\/uploads\/2025\/08\/EM_XTura_Escape_30-1024x683.jpg\" class=\"wp-image-22544\" srcset=\"https:\/\/www.euramobil.de\/wp-content\/uploads\/2025\/08\/EM_XTura_Escape_30-1024x683.jpg 1024w, https:\/\/www.euramobil.de\/wp-content\/uploads\/2025\/08\/EM_XTura_Escape_30-300x200.jpg 300w, https:\/\/www.euramobil.de\/wp-content\/uploads\/2025\/08\/EM_XTura_Escape_30-768x512.jpg 768w, https:\/\/www.euramobil.de\/wp-content\/uploads\/2025\/08\/EM_XTura_Escape_30-1536x1025.jpg 1536w, https:\/\/www.euramobil.de\/wp-content\/uploads\/2025\/08\/EM_XTura_Escape_30-18x12.jpg 18w, https:\/\/www.euramobil.de\/wp-content\/uploads\/2025\/08\/EM_XTura_Escape_30.jpg 1800w\" sizes=\"auto, (max-width: 1024px) 100vw, 1024px\" \/><\/figure>\n\n\n\n<figure class=\"wp-block-image size-large\"><img alt=\"\" loading=\"lazy\" decoding=\"async\" width=\"1024\" height=\"683\" data-id=\"22545\" src=\"https:\/\/www.euramobil.de\/wp-content\/uploads\/2025\/08\/EM_XTura_Escape_31-1024x683.jpg\" class=\"wp-image-22545\" srcset=\"https:\/\/www.euramobil.de\/wp-content\/uploads\/2025\/08\/EM_XTura_Escape_31-1024x683.jpg 1024w, https:\/\/www.euramobil.de\/wp-content\/uploads\/2025\/08\/EM_XTura_Escape_31-300x200.jpg 300w, https:\/\/www.euramobil.de\/wp-content\/uploads\/2025\/08\/EM_XTura_Escape_31-768x512.jpg 768w, https:\/\/www.euramobil.de\/wp-content\/uploads\/2025\/08\/EM_XTura_Escape_31-1536x1025.jpg 1536w, https:\/\/www.euramobil.de\/wp-content\/uploads\/2025\/08\/EM_XTura_Escape_31-18x12.jpg 18w, https:\/\/www.euramobil.de\/wp-content\/uploads\/2025\/08\/EM_XTura_Escape_31.jpg 1800w\" sizes=\"auto, (max-width: 1024px) 100vw, 1024px\" \/><\/figure>\n\n\n\n<figure class=\"wp-block-image size-large\"><img alt=\"\" loading=\"lazy\" decoding=\"async\" width=\"1024\" height=\"683\" data-id=\"22546\" src=\"https:\/\/www.euramobil.de\/wp-content\/uploads\/2025\/08\/EM_XTura_Escape_18-1024x683.jpg\" class=\"wp-image-22546\" srcset=\"https:\/\/www.euramobil.de\/wp-content\/uploads\/2025\/08\/EM_XTura_Escape_18-1024x683.jpg 1024w, https:\/\/www.euramobil.de\/wp-content\/uploads\/2025\/08\/EM_XTura_Escape_18-300x200.jpg 300w, https:\/\/www.euramobil.de\/wp-content\/uploads\/2025\/08\/EM_XTura_Escape_18-768x512.jpg 768w, https:\/\/www.euramobil.de\/wp-content\/uploads\/2025\/08\/EM_XTura_Escape_18-1536x1025.jpg 1536w, https:\/\/www.euramobil.de\/wp-content\/uploads\/2025\/08\/EM_XTura_Escape_18-18x12.jpg 18w, https:\/\/www.euramobil.de\/wp-content\/uploads\/2025\/08\/EM_XTura_Escape_18.jpg 1800w\" sizes=\"auto, (max-width: 1024px) 100vw, 1024px\" \/><\/figure>\n\n\n\n<figure class=\"wp-block-image size-large\"><img alt=\"\" loading=\"lazy\" decoding=\"async\" width=\"1024\" height=\"683\" data-id=\"22547\" src=\"https:\/\/www.euramobil.de\/wp-content\/uploads\/2025\/08\/EM_XTura_Escape_19-1024x683.jpg\" class=\"wp-image-22547\" srcset=\"https:\/\/www.euramobil.de\/wp-content\/uploads\/2025\/08\/EM_XTura_Escape_19-1024x683.jpg 1024w, https:\/\/www.euramobil.de\/wp-content\/uploads\/2025\/08\/EM_XTura_Escape_19-300x200.jpg 300w, https:\/\/www.euramobil.de\/wp-content\/uploads\/2025\/08\/EM_XTura_Escape_19-768x512.jpg 768w, https:\/\/www.euramobil.de\/wp-content\/uploads\/2025\/08\/EM_XTura_Escape_19-1536x1025.jpg 1536w, https:\/\/www.euramobil.de\/wp-content\/uploads\/2025\/08\/EM_XTura_Escape_19-18x12.jpg 18w, https:\/\/www.euramobil.de\/wp-content\/uploads\/2025\/08\/EM_XTura_Escape_19.jpg 1800w\" sizes=\"auto, (max-width: 1024px) 100vw, 1024px\" \/><\/figure>\n\n\n\n<figure class=\"wp-block-image size-large\"><img alt=\"\" loading=\"lazy\" decoding=\"async\" width=\"1024\" height=\"683\" data-id=\"22548\" src=\"https:\/\/www.euramobil.de\/wp-content\/uploads\/2025\/08\/EM_XTura_Escape_20-1024x683.jpg\" class=\"wp-image-22548\" srcset=\"https:\/\/www.euramobil.de\/wp-content\/uploads\/2025\/08\/EM_XTura_Escape_20-1024x683.jpg 1024w, https:\/\/www.euramobil.de\/wp-content\/uploads\/2025\/08\/EM_XTura_Escape_20-300x200.jpg 300w, https:\/\/www.euramobil.de\/wp-content\/uploads\/2025\/08\/EM_XTura_Escape_20-768x512.jpg 768w, https:\/\/www.euramobil.de\/wp-content\/uploads\/2025\/08\/EM_XTura_Escape_20-1536x1025.jpg 1536w, https:\/\/www.euramobil.de\/wp-content\/uploads\/2025\/08\/EM_XTura_Escape_20-18x12.jpg 18w, https:\/\/www.euramobil.de\/wp-content\/uploads\/2025\/08\/EM_XTura_Escape_20.jpg 1800w\" sizes=\"auto, (max-width: 1024px) 100vw, 1024px\" \/><\/figure>\n\n\n\n<figure class=\"wp-block-image size-large\"><img alt=\"\" loading=\"lazy\" decoding=\"async\" width=\"1024\" height=\"683\" data-id=\"22549\" src=\"https:\/\/www.euramobil.de\/wp-content\/uploads\/2025\/08\/EM_XTura_Escape_21-1024x683.jpg\" class=\"wp-image-22549\" srcset=\"https:\/\/www.euramobil.de\/wp-content\/uploads\/2025\/08\/EM_XTura_Escape_21-1024x683.jpg 1024w, https:\/\/www.euramobil.de\/wp-content\/uploads\/2025\/08\/EM_XTura_Escape_21-300x200.jpg 300w, https:\/\/www.euramobil.de\/wp-content\/uploads\/2025\/08\/EM_XTura_Escape_21-768x512.jpg 768w, https:\/\/www.euramobil.de\/wp-content\/uploads\/2025\/08\/EM_XTura_Escape_21-1536x1025.jpg 1536w, https:\/\/www.euramobil.de\/wp-content\/uploads\/2025\/08\/EM_XTura_Escape_21-18x12.jpg 18w, https:\/\/www.euramobil.de\/wp-content\/uploads\/2025\/08\/EM_XTura_Escape_21.jpg 1800w\" sizes=\"auto, (max-width: 1024px) 100vw, 1024px\" \/><\/figure>\n\n\n\n<figure class=\"wp-block-image size-large\"><img alt=\"\" loading=\"lazy\" decoding=\"async\" width=\"1024\" height=\"683\" data-id=\"22550\" src=\"https:\/\/www.euramobil.de\/wp-content\/uploads\/2025\/08\/EM_XTura_Escape_22-1024x683.jpg\" class=\"wp-image-22550\" srcset=\"https:\/\/www.euramobil.de\/wp-content\/uploads\/2025\/08\/EM_XTura_Escape_22-1024x683.jpg 1024w, https:\/\/www.euramobil.de\/wp-content\/uploads\/2025\/08\/EM_XTura_Escape_22-300x200.jpg 300w, https:\/\/www.euramobil.de\/wp-content\/uploads\/2025\/08\/EM_XTura_Escape_22-768x512.jpg 768w, https:\/\/www.euramobil.de\/wp-content\/uploads\/2025\/08\/EM_XTura_Escape_22-1536x1025.jpg 1536w, https:\/\/www.euramobil.de\/wp-content\/uploads\/2025\/08\/EM_XTura_Escape_22-18x12.jpg 18w, https:\/\/www.euramobil.de\/wp-content\/uploads\/2025\/08\/EM_XTura_Escape_22.jpg 1800w\" sizes=\"auto, (max-width: 1024px) 100vw, 1024px\" \/><\/figure>\n\n\n\n<figure class=\"wp-block-image size-large\"><img alt=\"\" loading=\"lazy\" decoding=\"async\" width=\"1024\" height=\"683\" data-id=\"22551\" src=\"https:\/\/www.euramobil.de\/wp-content\/uploads\/2025\/08\/EM_XTura_Escape_23-1024x683.jpg\" class=\"wp-image-22551\" srcset=\"https:\/\/www.euramobil.de\/wp-content\/uploads\/2025\/08\/EM_XTura_Escape_23-1024x683.jpg 1024w, https:\/\/www.euramobil.de\/wp-content\/uploads\/2025\/08\/EM_XTura_Escape_23-300x200.jpg 300w, https:\/\/www.euramobil.de\/wp-content\/uploads\/2025\/08\/EM_XTura_Escape_23-768x512.jpg 768w, https:\/\/www.euramobil.de\/wp-content\/uploads\/2025\/08\/EM_XTura_Escape_23-1536x1025.jpg 1536w, https:\/\/www.euramobil.de\/wp-content\/uploads\/2025\/08\/EM_XTura_Escape_23-18x12.jpg 18w, https:\/\/www.euramobil.de\/wp-content\/uploads\/2025\/08\/EM_XTura_Escape_23.jpg 1800w\" sizes=\"auto, (max-width: 1024px) 100vw, 1024px\" \/><\/figure>\n\n\n\n<figure class=\"wp-block-image size-large\"><img alt=\"\" loading=\"lazy\" decoding=\"async\" width=\"1024\" height=\"683\" data-id=\"22552\" src=\"https:\/\/www.euramobil.de\/wp-content\/uploads\/2025\/08\/EM_XTura_Escape_24-1024x683.jpg\" class=\"wp-image-22552\" srcset=\"https:\/\/www.euramobil.de\/wp-content\/uploads\/2025\/08\/EM_XTura_Escape_24-1024x683.jpg 1024w, https:\/\/www.euramobil.de\/wp-content\/uploads\/2025\/08\/EM_XTura_Escape_24-300x200.jpg 300w, https:\/\/www.euramobil.de\/wp-content\/uploads\/2025\/08\/EM_XTura_Escape_24-768x512.jpg 768w, https:\/\/www.euramobil.de\/wp-content\/uploads\/2025\/08\/EM_XTura_Escape_24-1536x1025.jpg 1536w, https:\/\/www.euramobil.de\/wp-content\/uploads\/2025\/08\/EM_XTura_Escape_24-18x12.jpg 18w, https:\/\/www.euramobil.de\/wp-content\/uploads\/2025\/08\/EM_XTura_Escape_24.jpg 1800w\" sizes=\"auto, (max-width: 1024px) 100vw, 1024px\" \/><\/figure>\n<\/figure>\n\n\n\n<p>Xtura \"Escape\" \u00e8 stato progettato per ispirarvi a portare avanti il vostro veicolo. <strong>personalizzare<\/strong> pu\u00f2. Quasi tutti i componenti e gli elementi di design utilizzati possono essere montati anche sulla vostra Eura Mobil. Abbiamo sviluppato questo progetto in collaborazione con produttori di accessori specializzati nel settore off-road. <a href=\"https:\/\/kreavans.com\/\">Creavans<\/a> e il rinomato <a href=\"https:\/\/ruehl-automotive.de\/\">Specialisti della pelle R\u00fchl<\/a> realizzato.<\/p>\n\n\n\n<p>Con questo \"progetto faro\" vogliamo creare una piattaforma che vi incoraggi a realizzare le vostre idee creative e le vostre esigenze individuali.<\/p>","protected":false},"excerpt":{"rendered":"<p>Wir freuen uns, auf dem Caravan Salon 2025 unser neues &#8220;Leuchtturm-Projekt&#8221; vorzustellen: den Xtura &#8220;Escape&#8221;. Dieser exklusive Individual-Ausbau basiert auf unserem bew\u00e4hrten Xtura und ist speziell f\u00fcr Offroad-Fans und Abenteurer konzipiert, die das ultimative Wildnis-Erlebnis suchen. F\u00fcr echte Offroad-Abenteuer Der Xtura &#8220;Escape&#8221; geht in puncto Offroad-F\u00e4higkeiten einen Schritt weiter. Wir haben das zul\u00e4ssige Gesamtgewicht durch [&hellip;]<\/p>\n","protected":false},"author":4,"featured_media":22534,"comment_status":"closed","ping_status":"open","sticky":false,"template":"","format":"standard","meta":{"_acf_changed":false,"_seopress_robots_primary_cat":"none","_seopress_titles_title":"","_seopress_titles_desc":"","_seopress_robots_index":"","footnotes":""},"categories":[29,52,30],"tags":[],"class_list":["post-22517","post","type-post","status-publish","format-standard","has-post-thumbnail","hentry","category-fernreisemobil","category-news","category-teilintegriert"],"acf":[],"_links":{"self":[{"href":"https:\/\/www.euramobil.de\/it\/wp-json\/wp\/v2\/posts\/22517","targetHints":{"allow":["GET"]}}],"collection":[{"href":"https:\/\/www.euramobil.de\/it\/wp-json\/wp\/v2\/posts"}],"about":[{"href":"https:\/\/www.euramobil.de\/it\/wp-json\/wp\/v2\/types\/post"}],"author":[{"embeddable":true,"href":"https:\/\/www.euramobil.de\/it\/wp-json\/wp\/v2\/users\/4"}],"replies":[{"embeddable":true,"href":"https:\/\/www.euramobil.de\/it\/wp-json\/wp\/v2\/comments?post=22517"}],"version-history":[{"count":9,"href":"https:\/\/www.euramobil.de\/it\/wp-json\/wp\/v2\/posts\/22517\/revisions"}],"predecessor-version":[{"id":22831,"href":"https:\/\/www.euramobil.de\/it\/wp-json\/wp\/v2\/posts\/22517\/revisions\/22831"}],"wp:featuredmedia":[{"embeddable":true,"href":"https:\/\/www.euramobil.de\/it\/wp-json\/wp\/v2\/media\/22534"}],"wp:attachment":[{"href":"https:\/\/www.euramobil.de\/it\/wp-json\/wp\/v2\/media?parent=22517"}],"wp:term":[{"taxonomy":"category","embeddable":true,"href":"https:\/\/www.euramobil.de\/it\/wp-json\/wp\/v2\/categories?post=22517"},{"taxonomy":"post_tag","embeddable":true,"href":"https:\/\/www.euramobil.de\/it\/wp-json\/wp\/v2\/tags?post=22517"}],"curies":[{"name":"wp","href":"https:\/\/api.w.org\/{rel}","templated":true}]}}