{"id":22762,"date":"2026-01-05T08:46:03","date_gmt":"2026-01-05T08:46:03","guid":{"rendered":"https:\/\/www.euramobil.de\/?p=22762"},"modified":"2026-01-09T10:06:21","modified_gmt":"2026-01-09T10:06:21","slug":"eksklusiv-messemodell-pa-cmt-stuttgart","status":"publish","type":"post","link":"https:\/\/www.euramobil.de\/nb\/exklusives-messe-sondermodell-auf-zur-cmt-stuttgart\/","title":{"rendered":"Eksklusiv messemodell \u2013 p\u00e5 vei til CMT Stuttgart!"},"content":{"rendered":"<h2 class=\"wp-block-heading\"><strong>Bes\u00f8k oss p\u00e5 Eura Mobil-standen p\u00e5 CMT i Stuttgart!<\/strong><\/h2>\n\n\n\n<hr class=\"wp-block-separator has-alpha-channel-opacity\"\/>\n\n\n\n<p>S\u00e5 kan \u00e5ret bare starte bra:<br>Den<strong>&nbsp;verdens st\u00f8rste publikumsmesse<\/strong>&nbsp;for turisme og fritid \u00e5pner igjen fra&nbsp;<strong>17. til 25. januar 2026<\/strong>&nbsp;sine d\u00f8rer! Og selvf\u00f8lgelig inviterer vi deg hjertelig til \u00e5 oppdage de nyeste innovasjonene og de velpr\u00f8vde kvalitetene til&nbsp;<strong>Eura Mobil<\/strong>&nbsp;\u00e5 oppdage.<\/p>\n\n\n\n<p><\/p>\n\n\n\n<p><strong>Det kan du se frem til:<\/strong><\/p>\n\n\n\n<ul class=\"wp-block-list\">\n<li><strong>Store messegoder og eksklusiv spesialmodell: <\/strong>Dra nytte av v\u00e5re prisfordeler, som kun er tilgjengelige p\u00e5 stedet, og opplev v\u00e5re nyheter live. I 2026 tilbyr vi en spesialmodell som kun kan kj\u00f8pes p\u00e5 CMT \u2013 v\u00e6r spent!<\/li>\n\n\n\n<li><strong>Kompetent r\u00e5dgivning:<\/strong>&nbsp;V\u00e5rt team vil gi deg ekspertr\u00e5d, svare p\u00e5 alle dine sp\u00f8rsm\u00e5l og hjelpe deg med \u00e5 konfigurere din dr\u00f8mmebobil.<\/li>\n\n\n\n<li><strong>Den nyeste teknologien:<\/strong>&nbsp;Finn ut mer om innovative l\u00f8sninger og tekniske h\u00f8ydepunkter som gj\u00f8r det enda tryggere og mer komfortabelt \u00e5 reise med Eura Mobil.<\/li>\n<\/ul>\n\n\n\n<p>I tillegg til v\u00e5re Eura Mobil-h\u00f8ydepunkter tilbyr CMT selvf\u00f8lgelig ogs\u00e5 et imponerende utvalg av andre kj\u00f8ret\u00f8y, kj\u00f8ret\u00f8yteknologi, tilbeh\u00f8r og spennende temaomr\u00e5der!<\/p>\n\n\n\n<p><strong>Noter deg datoen og planlegg bes\u00f8ket ditt:<\/strong>&nbsp;Denne feriedagen er den perfekte anledningen til \u00e5 f\u00e5 omfattende informasjon og inspirasjon til din neste reise.<\/p>\n\n\n\n<p>Sikre deg e-billetter med tidlig bestillingsrabatt, s\u00e5 du ikke g\u00e5r glipp av dette unike arrangementet. Vi gleder oss til \u00e5 m\u00f8te deg personlig p\u00e5 v\u00e5r&nbsp;<strong>Eura Mobil stand<\/strong>&nbsp;og presentere deg for ditt neste eventyr p\u00e5 hjul!<\/p>\n\n\n\n<hr class=\"wp-block-separator has-alpha-channel-opacity\"\/>\n\n\n\n<p><strong>Kj\u00f8p billettene dine n\u00e5!<\/strong>\u00a0\ud83d\udc49\ud83c\udffb\u00a0<a href=\"https:\/\/www.messe-stuttgart.de\/cmt\/\">Messe Stuttgart<\/a><\/p>","protected":false},"excerpt":{"rendered":"<p>Besuchen Sie uns am Eura Mobil Stand auf der CMT in Stuttgart! So kann das Jahr nur gut starten:Die&nbsp;weltweit gr\u00f6\u00dfte Publikumsmesse&nbsp;f\u00fcr Tourismus und Freizeit \u00f6ffnet wieder vom&nbsp;17. bis 25.&nbsp;Januar&nbsp;2026&nbsp;seine Tore! Und wir laden Sie nat\u00fcrlich herzlich ein, die neuesten Innovationen und bew\u00e4hrten Qualit\u00e4ten von&nbsp;Eura Mobil&nbsp;zu entdecken. Freuen Sie sich auf: Neben unseren Eura Mobil Highlights [&hellip;]<\/p>\n","protected":false},"author":5,"featured_media":22763,"comment_status":"closed","ping_status":"closed","sticky":false,"template":"","format":"standard","meta":{"_acf_changed":false,"_seopress_robots_primary_cat":"none","_seopress_titles_title":"","_seopress_titles_desc":"","_seopress_robots_index":"","footnotes":""},"categories":[51],"tags":[],"class_list":["post-22762","post","type-post","status-publish","format-standard","has-post-thumbnail","hentry","category-events"],"acf":[],"_links":{"self":[{"href":"https:\/\/www.euramobil.de\/nb\/wp-json\/wp\/v2\/posts\/22762","targetHints":{"allow":["GET"]}}],"collection":[{"href":"https:\/\/www.euramobil.de\/nb\/wp-json\/wp\/v2\/posts"}],"about":[{"href":"https:\/\/www.euramobil.de\/nb\/wp-json\/wp\/v2\/types\/post"}],"author":[{"embeddable":true,"href":"https:\/\/www.euramobil.de\/nb\/wp-json\/wp\/v2\/users\/5"}],"replies":[{"embeddable":true,"href":"https:\/\/www.euramobil.de\/nb\/wp-json\/wp\/v2\/comments?post=22762"}],"version-history":[{"count":3,"href":"https:\/\/www.euramobil.de\/nb\/wp-json\/wp\/v2\/posts\/22762\/revisions"}],"predecessor-version":[{"id":22770,"href":"https:\/\/www.euramobil.de\/nb\/wp-json\/wp\/v2\/posts\/22762\/revisions\/22770"}],"wp:featuredmedia":[{"embeddable":true,"href":"https:\/\/www.euramobil.de\/nb\/wp-json\/wp\/v2\/media\/22763"}],"wp:attachment":[{"href":"https:\/\/www.euramobil.de\/nb\/wp-json\/wp\/v2\/media?parent=22762"}],"wp:term":[{"taxonomy":"category","embeddable":true,"href":"https:\/\/www.euramobil.de\/nb\/wp-json\/wp\/v2\/categories?post=22762"},{"taxonomy":"post_tag","embeddable":true,"href":"https:\/\/www.euramobil.de\/nb\/wp-json\/wp\/v2\/tags?post=22762"}],"curies":[{"name":"wp","href":"https:\/\/api.w.org\/{rel}","templated":true}]}}