{"id":8333,"date":"2020-08-19T10:13:08","date_gmt":"2020-08-19T10:13:08","guid":{"rendered":"https:\/\/www.euramobil.de\/?p=8333"},"modified":"2025-08-05T15:00:51","modified_gmt":"2025-08-05T15:00:51","slug":"integra-line-660-eb-hoeg-sovkomfort-i-kompakt-laengd","status":"publish","type":"post","link":"https:\/\/www.euramobil.de\/sv\/integra-line-660-eb-grosser-schlafkomfort-auf-kompakter-laenge\/","title":{"rendered":"Integra Line 660 EB: h\u00f6g sovkomfort i kompakt l\u00e4ngd"},"content":{"rendered":"<p><em>Ny planl\u00f6sning i 7m-klassen \u25cf Tv\u00e5 enkels\u00e4ngar, vardera 2m l\u00e5nga \u25cf Stort garage \u25cf L\u00e4ngsg\u00e5ende k\u00f6k med variabel arbetsyta \u25cf Gener\u00f6st intryck av rymd \u25cf 10 \u00e5rs t\u00e4thetsgaranti<\/em><\/p>\n\n\n\n<p>Med Integra Line 660 EB presenterar Eura Mobil en andra planl\u00f6sning med enkels\u00e4ng i den popul\u00e4ra 7m-klassen. Fokus ligger p\u00e5 sovkomfort f\u00f6r l\u00e5nga personer. Tv\u00e5 s\u00e4ngar, vardera 2 meter l\u00e5nga, ger sovdelen i baks\u00e4tet stor r\u00f6relsefrihet.  S\u00e4ngarnas gener\u00f6sa m\u00e5tt gynnar ocks\u00e5 det enorma f\u00f6rvaringsutrymmet i garaget undertill.<\/p>\n\n\n\n<p>I kombination med det stora l\u00e4ngsg\u00e5ende k\u00f6ket skapas ett gener\u00f6st, l\u00e5ngstr\u00e4ckt intryck av rymd i bodelen, vilket skulle kunna antyda att fordonet str\u00e4cker sig \u00f6ver 7-metersgr\u00e4nsen. I tillvalsversionen med f\u00f6rvaringssk\u00e5p i st\u00e4llet f\u00f6r h\u00f6j- och s\u00e4nkbara s\u00e4ngar f\u00f6rst\u00e4rks detta intryck ytterligare och blir \u00e4nnu mer attraktivt, s\u00e4rskilt f\u00f6r tv\u00e5 resen\u00e4rer med stort behov av f\u00f6rvaringsutrymme.<\/p>\n\n\n\n<p>En utf\u00e4llbar b\u00e4nkskiva p\u00e5 50 cm ger ocks\u00e5 k\u00f6ket med sitt 140-liters kylsk\u00e5p fr\u00e5n golv till tak stor r\u00f6relsefrihet. Det moderna tv\u00e4ttrummet i mitten av fordonet \u00e4r bara 114 cm l\u00e5ngt och har ett sv\u00e4ngbart handfat och en integrerad duschkabin.<\/p>\n\n\n\n<p>F\u00f6r b\u00e4sta hemmabioatmosf\u00e4r kan platt-TV-apparater p\u00e5 upp till 32 tum installeras i TV-stativet framf\u00f6r tv\u00e4ttrummets v\u00e4gg. P\u00e5 passagerarsidan kompletteras den flexibelt anv\u00e4ndbara L-formade sittgruppen med en extra garderob eller en sittplats.<\/p>\n\n\n\n<p>Med hj\u00e4lp av det uppv\u00e4rmda dubbelgolvet uppfyller alla Integra Lines ocks\u00e5 kraven i standarden f\u00f6r vintert\u00e5lighet EN 1646-1, vilket inneb\u00e4r att det snabbt blir en vana att g\u00e5 barfota i Integra Line p\u00e5 vintern.<\/p>\n\n\n\n<p>En tio\u00e5rig garanti f\u00f6r stommens vattent\u00e4thet och en tre\u00e5rig garanti f\u00f6r m\u00f6belkonstruktionen \u00e4r bevis p\u00e5 Eura Mobils premiumstandard. Grunden f\u00f6r detta \u00e4r den moderna stommen av GRP-kompositmaterial med tr\u00e4fria v\u00e4ggar och en robust m\u00f6belkonstruktion med f\u00f6rst\u00e4rkningar av aluminiumprofiler.<\/p>","protected":false},"excerpt":{"rendered":"<p>Neuer Grundriss in der 7m Klasse \u25cf Zwei Einzelbetten mit je 2m L\u00e4nge \u25cf riesige Garage \u25cf L\u00e4ngsk\u00fcche mit variabler Arbeitsfl\u00e4che \u25cf gro\u00dfz\u00fcgiger Raumeindruck \u25cf 10 Jahre Dichtigkeitsgarantie Mit dem Integra Line 660 EB pr\u00e4sentiert Eura Mobil einen zweiten Einzelbettengrundriss in der beliebten 7m Klasse. Der Fokus liegt auf dem Schlafkomfort f\u00fcr gro\u00dfgewachsene Menschen. Zwei [&hellip;]<\/p>\n","protected":false},"author":1,"featured_media":8334,"comment_status":"closed","ping_status":"closed","sticky":false,"template":"","format":"standard","meta":{"_acf_changed":false,"_seopress_robots_primary_cat":"none","_seopress_titles_title":"","_seopress_titles_desc":"","_seopress_robots_index":"","footnotes":""},"categories":[16,47,52],"tags":[],"class_list":["post-8333","post","type-post","status-publish","format-standard","has-post-thumbnail","hentry","category-16","category-fr","category-news"],"acf":[],"_links":{"self":[{"href":"https:\/\/www.euramobil.de\/sv\/wp-json\/wp\/v2\/posts\/8333","targetHints":{"allow":["GET"]}}],"collection":[{"href":"https:\/\/www.euramobil.de\/sv\/wp-json\/wp\/v2\/posts"}],"about":[{"href":"https:\/\/www.euramobil.de\/sv\/wp-json\/wp\/v2\/types\/post"}],"author":[{"embeddable":true,"href":"https:\/\/www.euramobil.de\/sv\/wp-json\/wp\/v2\/users\/1"}],"replies":[{"embeddable":true,"href":"https:\/\/www.euramobil.de\/sv\/wp-json\/wp\/v2\/comments?post=8333"}],"version-history":[{"count":2,"href":"https:\/\/www.euramobil.de\/sv\/wp-json\/wp\/v2\/posts\/8333\/revisions"}],"predecessor-version":[{"id":22391,"href":"https:\/\/www.euramobil.de\/sv\/wp-json\/wp\/v2\/posts\/8333\/revisions\/22391"}],"wp:featuredmedia":[{"embeddable":true,"href":"https:\/\/www.euramobil.de\/sv\/wp-json\/wp\/v2\/media\/8334"}],"wp:attachment":[{"href":"https:\/\/www.euramobil.de\/sv\/wp-json\/wp\/v2\/media?parent=8333"}],"wp:term":[{"taxonomy":"category","embeddable":true,"href":"https:\/\/www.euramobil.de\/sv\/wp-json\/wp\/v2\/categories?post=8333"},{"taxonomy":"post_tag","embeddable":true,"href":"https:\/\/www.euramobil.de\/sv\/wp-json\/wp\/v2\/tags?post=8333"}],"curies":[{"name":"wp","href":"https:\/\/api.w.org\/{rel}","templated":true}]}}